{"id":916,"date":"2023-04-28T16:33:57","date_gmt":"2023-04-28T13:33:57","guid":{"rendered":"https:\/\/fonduri-structurale.eu\/?p=916"},"modified":"2023-05-09T10:45:19","modified_gmt":"2023-05-09T07:45:19","slug":"programul-regional-sud-muntenia-2021-2027-sprijin-acordat-invatamantului-primar-si-secundar-pentru-imbunatatirea-accesului-egal-la-servicii-de-calitate-si-incluzive-in-educatie","status":"publish","type":"post","link":"https:\/\/fonduri-structurale.eu\/?p=916","title":{"rendered":"Programul Regional Sud-Muntenia 2021-2027 &#8211; Sprijin acordat \u00eenv\u0103\u021b\u0103m\u00e2ntului primar \u0219i secundar pentru \u00eembun\u0103t\u0103\u021birea accesului egal la servicii de calitate \u0219i incluzive \u00een educa\u021bie"},"content":{"rendered":"\n<p>A fost lansat \u00een consultare public\u0103 Ghidul Solicitantului aferent apelului de proiect. \u00cen Fi\u0219a de prezentare ave\u021bi cele mai importante informa\u021bii despre \u00eembun\u0103t\u0103\u021birea accesului egal la servicii de calitate \u0219i incluzive \u00een educa\u021bie. <\/p>\n\n\n\n<div data-wp-interactive=\"core\/file\" class=\"wp-block-file\"><object data-wp-bind--hidden=\"!state.hasPdfPreview\" hidden class=\"wp-block-file__embed\" data=\"https:\/\/fonduri-structurale.eu\/wp-content\/uploads\/2023\/05\/Text_Fisa-de-prezentare-6.pdf\" type=\"application\/pdf\" style=\"width:100%;height:600px\" aria-label=\"\u00cenglobare pentru Text_Fisa-de-prezentare-6.\"><\/object><a id=\"wp-block-file--media-33d30522-2c74-46c2-bb49-d6ac24cb362d\" href=\"https:\/\/fonduri-structurale.eu\/wp-content\/uploads\/2023\/05\/Text_Fisa-de-prezentare-6.pdf\">Text_Fisa-de-prezentare-6<\/a><a href=\"https:\/\/fonduri-structurale.eu\/wp-content\/uploads\/2023\/05\/Text_Fisa-de-prezentare-6.pdf\" class=\"wp-block-file__button wp-element-button\" download aria-describedby=\"wp-block-file--media-33d30522-2c74-46c2-bb49-d6ac24cb362d\">Download<\/a><\/div>\n","protected":false},"excerpt":{"rendered":"<p>A fost lansat \u00een consultare public\u0103 Ghidul Solicitantului aferent apelului de proiect. \u00cen Fi\u0219a de prezentare ave\u021bi cele mai importante informa\u021bii despre \u00eembun\u0103t\u0103\u021birea accesului egal la servicii de calitate \u0219i incluzive \u00een educa\u021bie.<\/p>\n","protected":false},"author":21,"featured_media":930,"comment_status":"open","ping_status":"open","sticky":false,"template":"","format":"standard","meta":{"_eb_attr":"","ub_ctt_via":"","footnotes":""},"categories":[40,25,47,33],"tags":[],"class_list":{"0":"post-916","1":"post","2":"type-post","3":"status-publish","4":"format-standard","5":"has-post-thumbnail","7":"category-apeluri-active","8":"category-beneficiari","9":"category-institutii-publice","10":"category-oportunitati-de-finantare"},"featured_image_src":"https:\/\/fonduri-structurale.eu\/wp-content\/uploads\/2023\/04\/Sprijin-acordat-inv.-primar-2.jpg","author_info":{"display_name":"madalina.saltan","author_link":"https:\/\/fonduri-structurale.eu\/?author=21"},"jetpack_featured_media_url":"https:\/\/fonduri-structurale.eu\/wp-content\/uploads\/2023\/04\/Sprijin-acordat-inv.-primar-2.jpg","_links":{"self":[{"href":"https:\/\/fonduri-structurale.eu\/index.php?rest_route=\/wp\/v2\/posts\/916","targetHints":{"allow":["GET"]}}],"collection":[{"href":"https:\/\/fonduri-structurale.eu\/index.php?rest_route=\/wp\/v2\/posts"}],"about":[{"href":"https:\/\/fonduri-structurale.eu\/index.php?rest_route=\/wp\/v2\/types\/post"}],"author":[{"embeddable":true,"href":"https:\/\/fonduri-structurale.eu\/index.php?rest_route=\/wp\/v2\/users\/21"}],"replies":[{"embeddable":true,"href":"https:\/\/fonduri-structurale.eu\/index.php?rest_route=%2Fwp%2Fv2%2Fcomments&post=916"}],"version-history":[{"count":2,"href":"https:\/\/fonduri-structurale.eu\/index.php?rest_route=\/wp\/v2\/posts\/916\/revisions"}],"predecessor-version":[{"id":1013,"href":"https:\/\/fonduri-structurale.eu\/index.php?rest_route=\/wp\/v2\/posts\/916\/revisions\/1013"}],"wp:featuredmedia":[{"embeddable":true,"href":"https:\/\/fonduri-structurale.eu\/index.php?rest_route=\/wp\/v2\/media\/930"}],"wp:attachment":[{"href":"https:\/\/fonduri-structurale.eu\/index.php?rest_route=%2Fwp%2Fv2%2Fmedia&parent=916"}],"wp:term":[{"taxonomy":"category","embeddable":true,"href":"https:\/\/fonduri-structurale.eu\/index.php?rest_route=%2Fwp%2Fv2%2Fcategories&post=916"},{"taxonomy":"post_tag","embeddable":true,"href":"https:\/\/fonduri-structurale.eu\/index.php?rest_route=%2Fwp%2Fv2%2Ftags&post=916"}],"curies":[{"name":"wp","href":"https:\/\/api.w.org\/{rel}","templated":true}]}}